{"id":3073,"date":"2021-09-30T16:07:01","date_gmt":"2021-09-30T13:07:01","guid":{"rendered":"https:\/\/alanya.law\/de\/?p=3073"},"modified":"2021-09-30T16:07:02","modified_gmt":"2021-09-30T13:07:02","slug":"handlungsbeschraenkung-bei-gefahrenverbrechen","status":"publish","type":"post","link":"https:\/\/alanya.law\/de\/blog\/alanya-rechtsanwalt\/handlungsbeschraenkung-bei-gefahrenverbrechen\/","title":{"rendered":"HANDLUNGSBESCHR\u00c4NKUNG BEI GEFAHRENVERBRECHEN"},"content":{"rendered":"<!--themify_builder_content-->\n<div id=\"themify_builder_content-3073\" data-postid=\"3073\" class=\"themify_builder_content themify_builder_content-3073 themify_builder tf_clear\">\n    <\/div>\n<!--\/themify_builder_content-->\n\n\n<p>Bearbeitung von Prozesszeit\u00fcberschreitungen bei Gefahrendelikten<\/p>\n\n\n\n<p>Da es sich bei abstrakten Gefahrendelikten um reine Aktionsdelikte handelt, ist die Verj\u00e4hrung des Falles<br>Es beginnt am Ende zu arbeiten. Zum Beispiel geregelt in Artikel 179 Absatz 3 des TCK und<br>unter Alkohol- oder Drogeneinfluss oder aus anderen Gr\u00fcnden nicht in der Lage sein wird, ein Fahrzeug sicher zu f\u00fchren und zu steuern.<br>Die Verj\u00e4hrungsfrist f\u00fcr die Person, die trotz Ausnahmezustand ein Fahrzeug f\u00fchrt, wenn diese Person polizeilich festgestellt wird<br>Wenn es gestoppt wird, beginnt es ab diesem Moment mit der Verarbeitung.<br>Bei konkreten Gefahrendelikten beginnt die Verj\u00e4hrung mit der Erkenntnis der Gefahr.<br>beginnt. Sch\u00e4den m\u00fcssen nicht auftreten.<\/p>","protected":false},"excerpt":{"rendered":"<p>Bearbeitung von Prozesszeit\u00fcberschreitungen bei Gefahrendelikten Da es sich bei abstrakten Gefahrendelikten um reine Aktionsdelikte handelt, ist die Verj\u00e4hrung des FallesEs beginnt am Ende zu arbeiten. Zum Beispiel geregelt in Artikel 179 Absatz 3 des TCK undunter Alkohol- oder Drogeneinfluss oder aus anderen Gr\u00fcnden nicht in der Lage sein wird, ein Fahrzeug sicher zu f\u00fchren und [&hellip;]<\/p>\n","protected":false},"author":4,"featured_media":0,"comment_status":"open","ping_status":"open","sticky":false,"template":"","format":"standard","meta":{"footnotes":""},"categories":[15],"tags":[16,3113,22,17],"yst_prominent_words":[3396,3352,3200],"class_list":["post-3073","post","type-post","status-publish","format-standard","hentry","category-alanya-rechtsanwalt","tag-alanya","tag-antalya","tag-law","tag-lawyer","has-post-title","has-post-date","has-post-category","has-post-tag","has-post-comment","has-post-author",""],"builder_content":"","_links":{"self":[{"href":"https:\/\/alanya.law\/de\/wp-json\/wp\/v2\/posts\/3073"}],"collection":[{"href":"https:\/\/alanya.law\/de\/wp-json\/wp\/v2\/posts"}],"about":[{"href":"https:\/\/alanya.law\/de\/wp-json\/wp\/v2\/types\/post"}],"author":[{"embeddable":true,"href":"https:\/\/alanya.law\/de\/wp-json\/wp\/v2\/users\/4"}],"replies":[{"embeddable":true,"href":"https:\/\/alanya.law\/de\/wp-json\/wp\/v2\/comments?post=3073"}],"version-history":[{"count":1,"href":"https:\/\/alanya.law\/de\/wp-json\/wp\/v2\/posts\/3073\/revisions"}],"predecessor-version":[{"id":3074,"href":"https:\/\/alanya.law\/de\/wp-json\/wp\/v2\/posts\/3073\/revisions\/3074"}],"wp:attachment":[{"href":"https:\/\/alanya.law\/de\/wp-json\/wp\/v2\/media?parent=3073"}],"wp:term":[{"taxonomy":"category","embeddable":true,"href":"https:\/\/alanya.law\/de\/wp-json\/wp\/v2\/categories?post=3073"},{"taxonomy":"post_tag","embeddable":true,"href":"https:\/\/alanya.law\/de\/wp-json\/wp\/v2\/tags?post=3073"},{"taxonomy":"yst_prominent_words","embeddable":true,"href":"https:\/\/alanya.law\/de\/wp-json\/wp\/v2\/yst_prominent_words?post=3073"}],"curies":[{"name":"wp","href":"https:\/\/api.w.org\/{rel}","templated":true}]}}